{"id":1880,"date":"2020-09-03T15:24:08","date_gmt":"2020-09-03T15:24:08","guid":{"rendered":"https:\/\/mystudyweb.com\/corporate\/?p=1880"},"modified":"2022-02-15T14:20:20","modified_gmt":"2022-02-15T14:20:20","slug":"barn-och-ungas-roster-maste-fa-horas","status":"publish","type":"post","link":"https:\/\/mystudyweb.com\/corporate\/barn-och-ungas-roster-maste-fa-horas\/","title":{"rendered":"Barn och ungas r\u00f6ster m\u00e5ste f\u00e5 h\u00f6ras!"},"content":{"rendered":"<div id=\"pl-1880\"  class=\"panel-layout\" ><div id=\"pg-1880-0\"  class=\"panel-grid panel-no-style\" ><div id=\"pgc-1880-0-0\"  class=\"panel-grid-cell\" ><div id=\"panel-1880-0-0-0\" class=\"so-panel widget widget_sow-image panel-first-child\" data-index=\"0\" ><div\n\t\t\t\n\t\t\tclass=\"so-widget-sow-image so-widget-sow-image-default-8b5b6f678277-1880\"\n\t\t\t\n\t\t>\n<div class=\"sow-image-container\">\n\t\t<img \n\tsrc=\"https:\/\/mystudyweb-bucket.s3.eu-west-1.amazonaws.com\/corporate\/wp-content\/uploads\/2020\/09\/03145323\/sad-student.jpg\" width=\"251\" height=\"201\" srcset=\"https:\/\/mystudyweb-bucket.s3.eu-west-1.amazonaws.com\/corporate\/wp-content\/uploads\/2020\/09\/03145323\/sad-student.jpg 251w, https:\/\/mystudyweb-bucket.s3.eu-west-1.amazonaws.com\/corporate\/wp-content\/uploads\/2020\/09\/03145323\/sad-student-250x200.jpg 250w\" sizes=\"(max-width: 251px) 100vw, 251px\" title=\"Foto:Pixabay\" alt=\"Flicka som sitter ensam i f\u00f6nster och ser ledsen ut\" \t\tclass=\"so-widget-image\"\/>\n\t<\/div>\n\n<\/div><\/div><div id=\"panel-1880-0-0-1\" class=\"so-panel widget widget_sow-editor panel-last-child\" data-index=\"1\" ><div\n\t\t\t\n\t\t\tclass=\"so-widget-sow-editor so-widget-sow-editor-base\"\n\t\t\t\n\t\t>\n<div class=\"siteorigin-widget-tinymce textwidget\">\n\t<h2>Sverige brister n\u00e4r det g\u00e4ller barns psykiska h\u00e4lsa, rapporterar Unicef.<\/h2>\n<p>I en ny rapport j\u00e4mf\u00f6rs barns situation i v\u00e4rldens rikaste l\u00e4nder \u2013 Sverige hamnar p\u00e5 plats 22 av 38.<\/p>\n<p>Rapporten <a href=\"https:\/\/www.unicef-irc.org\/publications\/pdf\/Report-Card-16-Worlds-of-Influence-child-wellbeing.pdf\">Worlds of Influence \u2013 Understanding what shapes child well being in rich countries<\/a> har unders\u00f6kt hur barn har det i v\u00e4rldens rika l\u00e4nder inom EU och OECD. L\u00e4nderna har rankats utifr\u00e5n barnens psykiska och fysiska h\u00e4lsa samt skolkunskaper och sociala f\u00e4rdigheter. Barns psykiska v\u00e4lbefinnande har m\u00e4tts utifr\u00e5n hur tillfredsst\u00e4llda barn uppger att de \u00e4r med livet, samt utifr\u00e5n sj\u00e4lvmordsstatistik. Sverige hamnar h\u00e4r p\u00e5 22:a plats av 38 j\u00e4mf\u00f6rda l\u00e4nder.<\/p>\n<h2>Svenska barn m\u00e5r bra fysiskt, men inte psykiskt!<\/h2>\n<p>I flera omr\u00e5den av studien rankas Sverige d\u00e4remot h\u00f6gre upp p\u00e5 listan. N\u00e4r det g\u00e4ller exempelvis fysisk h\u00e4lsa (\u00f6vervikt, fetma och barnad\u00f6dlighet) hamnar Sverige p\u00e5 femteplats, medan skolkunskaper (PISA) och sociala f\u00e4rdigheter (t.ex f\u00f6rm\u00e5ga att f\u00e5 nya v\u00e4nner) ger Sverige en 14:e placering av 38 l\u00e4nder. I en \u00f6vergripande j\u00e4mf\u00f6relse hamnar Sverige p\u00e5 en tiondeplats. Nederl\u00e4nderna, Danmark och Norge rankas som de b\u00e4sta l\u00e4nderna, \u00e4ven Finland ligger i topp 5.\u00a0 Svenska barn m\u00e5r allts\u00e5 bra fysiskt, men inte s\u00e4rskilt bra psykiskt!<\/p>\n<p>\u201dPlaceringen \u00e4r en indikation p\u00e5 att Sverige \u00e4r p\u00e5 v\u00e4g \u00e5t fel h\u00e5ll och inte har gjort tillr\u00e4ckligt f\u00f6r att f\u00e5nga upp de barn som m\u00e5r d\u00e5ligt.\u00a0 Det \u00e4r djupt olyckligt att inte barns r\u00f6ster och \u00e5sikter finns med n\u00e4r beslut fattas. F\u00f6r att veta vilka insatser som beh\u00f6vs m\u00e5ste vi ge barn m\u00f6jlighet att komma till tals. Om vi inte pratar med barn och fr\u00e5gar hur de m\u00e5r, s\u00e5 \u00e4r risken stor att vi s\u00e4tter in fel insatser och inte m\u00f6ter deras behov. Skolorna har h\u00e4r ett stort ansvar i att m\u00f6ta eleverna.\", skriver Pernilla Baralt, generalsekreterare f\u00f6r UNICEF Sverige p\u00e5 organisationens hemsida.<\/p>\n<h2>Hur kan skolan tidigare f\u00e5nga upp utsatta elever?<\/h2>\n<p>S\u00e5, hur kan d\u00e5 skolan ta reda p\u00e5 hur eleverna m\u00e5r? Hur kan skolan tidigare f\u00e5nga upp emotionellt utsatta elever och elever med eventuella psykiska problem?\u00a0 Vilka insatser beh\u00f6vs och hur f\u00e5r man till gemensam probleml\u00f6sning kring eleven i samarbete med f\u00f6r\u00e4ldrar och\u00a0 andra externa organ som st\u00f6der eleverna?<\/p>\n<p><a href=\"https:\/\/mystudyweb.com\/corporate\/pass-elevers-attityd-till-sig-sjalv-och-skolan\/\">PASS<\/a> (Pupil Attitudes to Self and School)<b>\u00a0<\/b>\u00e4r en normerad och sj\u00e4lvr\u00e4ttande digital elevenk\u00e4t som ger skolan en helt\u00e4ckande bild av varje elevs attityd till sig sj\u00e4lv och skolan och g\u00f6r det m\u00f6jligt att i ett tidigare skede s\u00e4tta in \u00e5tg\u00e4rder vid behov. PASS \u00e4r anpassat att anv\u00e4ndas av elever fr\u00e5n 6- 18 \u00e5r.\u00a0PASS identifierar orsaker till l\u00e5ga resultat, utmanande beteende och d\u00e5lig n\u00e4rvaro och st\u00f6djer effektivt planering, genomf\u00f6rande och utv\u00e4rdering av skolans h\u00e4lsofr\u00e4mjande insatser. Med hj\u00e4lp av PASS hittar man de \u201dosynliga\u201d barnen som kan vara sv\u00e5ra att f\u00e5nga upp med andra metoder.<\/p>\n<\/div>\n<\/div><\/div><\/div><\/div><div id=\"pg-1880-1\"  class=\"panel-grid panel-no-style\" ><div id=\"pgc-1880-1-0\"  class=\"panel-grid-cell\" ><div id=\"panel-1880-1-0-0\" class=\"so-panel widget widget_sow-image panel-first-child panel-last-child\" data-index=\"2\" ><div\n\t\t\t\n\t\t\tclass=\"so-widget-sow-image so-widget-sow-image-default-8b5b6f678277-1880\"\n\t\t\t\n\t\t>\n<div class=\"sow-image-container\">\n\t\t<img \n\tsrc=\"https:\/\/mystudyweb-bucket.s3.eu-west-1.amazonaws.com\/corporate\/wp-content\/uploads\/2019\/03\/01105141\/Sk%C3%A4rmklipp.jpg\" width=\"859\" height=\"729\" srcset=\"https:\/\/mystudyweb-bucket.s3.eu-west-1.amazonaws.com\/corporate\/wp-content\/uploads\/2019\/03\/01105141\/Sk%C3%A4rmklipp.jpg 859w, https:\/\/mystudyweb-bucket.s3.eu-west-1.amazonaws.com\/corporate\/wp-content\/uploads\/2019\/03\/01105141\/Sk%C3%A4rmklipp-300x255.jpg 300w, https:\/\/mystudyweb-bucket.s3.eu-west-1.amazonaws.com\/corporate\/wp-content\/uploads\/2019\/03\/01105141\/Sk%C3%A4rmklipp-768x652.jpg 768w, https:\/\/mystudyweb-bucket.s3.eu-west-1.amazonaws.com\/corporate\/wp-content\/uploads\/2019\/03\/01105141\/Sk%C3%A4rmklipp-236x200.jpg 236w, https:\/\/mystudyweb-bucket.s3.eu-west-1.amazonaws.com\/corporate\/wp-content\/uploads\/2019\/03\/01105141\/Sk%C3%A4rmklipp-501x425.jpg 501w\" sizes=\"(max-width: 859px) 100vw, 859px\" title=\"PASS\" alt=\"Nio faktorer som m\u00e4ter elevers attityder till sig sj\u00e4lva och skolan\" \t\tclass=\"so-widget-image\"\/>\n\t<\/div>\n\n<\/div><\/div><\/div><div id=\"pgc-1880-1-1\"  class=\"panel-grid-cell\" ><div id=\"panel-1880-1-1-0\" class=\"so-panel widget widget_sow-editor panel-first-child panel-last-child\" data-index=\"3\" ><div\n\t\t\t\n\t\t\tclass=\"so-widget-sow-editor so-widget-sow-editor-base\"\n\t\t\t\n\t\t><h3 class=\"widget-title\">PASS - digitala elevenk\u00e4ter<\/h3>\n<div class=\"siteorigin-widget-tinymce textwidget\">\n\t<p><a href=\"https:\/\/mystudyweb.com\/corporate\/pass-elevers-attityd-till-sig-sjalv-och-skolan\/\">PASS <\/a>bygger p\u00e5\u00a0nio standardiserade faktorer som tagits fram tillsammans med\u00a0 forskare p\u00e5 bland annat\u00a0University of Oxford och University of Cambridge.\u00a0\u00a0Dessa faktorer har genom omfattande forskning av brittiska skolpsykologer p\u00e5 600,000 elever visat sig vara v\u00e4sentligt kopplade till en elevers v\u00e4lm\u00e5ende och skolframg\u00e5ngar.<\/p>\n<p>Klicka\u00a0<a href=\"https:\/\/mystudyweb.com\/corporate\/testa\/\">H\u00c4R<\/a>\u00a0ifall du \u00e4r nyfiken p\u00e5 PASS och vill testa direkt?<\/p>\n<\/div>\n<\/div><\/div><\/div><\/div><\/div>","protected":false},"excerpt":{"rendered":"<p>Sverige brister n\u00e4r det g\u00e4ller barns psykiska h\u00e4lsa, rapporterar Unicef. I en ny rapport j\u00e4mf\u00f6rs barns situation i v\u00e4rldens rikaste l\u00e4nder \u2013 Sverige hamnar p\u00e5 plats 22 av 38. Rapporten Worlds of Influence \u2013 Understanding &hellip; <a href=\"https:\/\/mystudyweb.com\/corporate\/barn-och-ungas-roster-maste-fa-horas\/\" class=\"more-link\">Forts\u00e4tt l\u00e4sa <span class=\"screen-reader-text\">Barn och ungas r\u00f6ster m\u00e5ste f\u00e5 h\u00f6ras!<\/span> <span class=\"meta-nav\">&rarr;<\/span><\/a><\/p>\n","protected":false},"author":1,"featured_media":0,"comment_status":"open","ping_status":"open","sticky":false,"template":"","format":"standard","meta":{"footnotes":""},"categories":[3],"tags":[],"class_list":["post-1880","post","type-post","status-publish","format-standard","hentry","category-blog"],"yoast_head":"<!-- This site is optimized with the Yoast SEO Premium plugin v26.5 (Yoast SEO v26.5) - https:\/\/yoast.com\/wordpress\/plugins\/seo\/ -->\n<title>Barn och ungas r\u00f6ster om hur de m\u00e5r m\u00e5ste h\u00f6ras b\u00e4ttre i skolan<\/title>\n<meta name=\"description\" content=\"F\u00f6r att minska den psykiska oh\u00e4lsan bland elever i skolan \u00e4r det viktigt att ungas r\u00f6ster f\u00e5r h\u00f6ras b\u00e4ttre vilket kan se ske genom systematisk kartl\u00e4ggning\" \/>\n<meta name=\"robots\" content=\"index, follow, max-snippet:-1, max-image-preview:large, max-video-preview:-1\" \/>\n<link rel=\"canonical\" href=\"https:\/\/mystudyweb.com\/corporate\/barn-och-ungas-roster-maste-fa-horas\/\" \/>\n<meta property=\"og:locale\" content=\"en_US\" \/>\n<meta property=\"og:type\" content=\"article\" \/>\n<meta property=\"og:title\" content=\"Barn och ungas r\u00f6ster m\u00e5ste f\u00e5 h\u00f6ras!\" \/>\n<meta property=\"og:description\" content=\"F\u00f6r att minska den psykiska oh\u00e4lsan bland elever i skolan \u00e4r det viktigt att ungas r\u00f6ster f\u00e5r h\u00f6ras b\u00e4ttre vilket kan se ske genom systematisk kartl\u00e4ggning\" \/>\n<meta property=\"og:url\" content=\"https:\/\/mystudyweb.com\/corporate\/barn-och-ungas-roster-maste-fa-horas\/\" \/>\n<meta property=\"og:site_name\" content=\"mystudyweb\" \/>\n<meta property=\"article:published_time\" content=\"2020-09-03T15:24:08+00:00\" \/>\n<meta property=\"article:modified_time\" content=\"2022-02-15T14:20:20+00:00\" \/>\n<meta name=\"author\" content=\"admin\" \/>\n<meta name=\"twitter:card\" content=\"summary_large_image\" \/>\n<meta name=\"twitter:label1\" content=\"Written by\" \/>\n\t<meta name=\"twitter:data1\" content=\"admin\" \/>\n\t<meta name=\"twitter:label2\" content=\"Est. reading time\" \/>\n\t<meta name=\"twitter:data2\" content=\"3 minutes\" \/>\n<script type=\"application\/ld+json\" class=\"yoast-schema-graph\">{\"@context\":\"https:\/\/schema.org\",\"@graph\":[{\"@type\":\"Article\",\"@id\":\"https:\/\/mystudyweb.com\/corporate\/barn-och-ungas-roster-maste-fa-horas\/#article\",\"isPartOf\":{\"@id\":\"https:\/\/mystudyweb.com\/corporate\/barn-och-ungas-roster-maste-fa-horas\/\"},\"author\":{\"name\":\"admin\",\"@id\":\"https:\/\/mystudyweb.com\/corporate\/#\/schema\/person\/c02944c2478df2ae0c3f5c13b5a4221f\"},\"headline\":\"Barn och ungas r\u00f6ster m\u00e5ste f\u00e5 h\u00f6ras!\",\"datePublished\":\"2020-09-03T15:24:08+00:00\",\"dateModified\":\"2022-02-15T14:20:20+00:00\",\"mainEntityOfPage\":{\"@id\":\"https:\/\/mystudyweb.com\/corporate\/barn-och-ungas-roster-maste-fa-horas\/\"},\"wordCount\":626,\"commentCount\":0,\"publisher\":{\"@id\":\"https:\/\/mystudyweb.com\/corporate\/#organization\"},\"articleSection\":[\"Blog\"],\"inLanguage\":\"en-US\",\"potentialAction\":[{\"@type\":\"CommentAction\",\"name\":\"Comment\",\"target\":[\"https:\/\/mystudyweb.com\/corporate\/barn-och-ungas-roster-maste-fa-horas\/#respond\"]}]},{\"@type\":\"WebPage\",\"@id\":\"https:\/\/mystudyweb.com\/corporate\/barn-och-ungas-roster-maste-fa-horas\/\",\"url\":\"https:\/\/mystudyweb.com\/corporate\/barn-och-ungas-roster-maste-fa-horas\/\",\"name\":\"Barn och ungas r\u00f6ster om hur de m\u00e5r m\u00e5ste h\u00f6ras b\u00e4ttre i skolan\",\"isPartOf\":{\"@id\":\"https:\/\/mystudyweb.com\/corporate\/#website\"},\"datePublished\":\"2020-09-03T15:24:08+00:00\",\"dateModified\":\"2022-02-15T14:20:20+00:00\",\"description\":\"F\u00f6r att minska den psykiska oh\u00e4lsan bland elever i skolan \u00e4r det viktigt att ungas r\u00f6ster f\u00e5r h\u00f6ras b\u00e4ttre vilket kan se ske genom systematisk kartl\u00e4ggning\",\"breadcrumb\":{\"@id\":\"https:\/\/mystudyweb.com\/corporate\/barn-och-ungas-roster-maste-fa-horas\/#breadcrumb\"},\"inLanguage\":\"en-US\",\"potentialAction\":[{\"@type\":\"ReadAction\",\"target\":[\"https:\/\/mystudyweb.com\/corporate\/barn-och-ungas-roster-maste-fa-horas\/\"]}]},{\"@type\":\"BreadcrumbList\",\"@id\":\"https:\/\/mystudyweb.com\/corporate\/barn-och-ungas-roster-maste-fa-horas\/#breadcrumb\",\"itemListElement\":[{\"@type\":\"ListItem\",\"position\":1,\"name\":\"Home\",\"item\":\"https:\/\/mystudyweb.com\/corporate\/\"},{\"@type\":\"ListItem\",\"position\":2,\"name\":\"Barn och ungas r\u00f6ster m\u00e5ste f\u00e5 h\u00f6ras!\"}]},{\"@type\":\"WebSite\",\"@id\":\"https:\/\/mystudyweb.com\/corporate\/#website\",\"url\":\"https:\/\/mystudyweb.com\/corporate\/\",\"name\":\"mystudyweb\",\"description\":\"\",\"publisher\":{\"@id\":\"https:\/\/mystudyweb.com\/corporate\/#organization\"},\"potentialAction\":[{\"@type\":\"SearchAction\",\"target\":{\"@type\":\"EntryPoint\",\"urlTemplate\":\"https:\/\/mystudyweb.com\/corporate\/?s={search_term_string}\"},\"query-input\":{\"@type\":\"PropertyValueSpecification\",\"valueRequired\":true,\"valueName\":\"search_term_string\"}}],\"inLanguage\":\"en-US\"},{\"@type\":\"Organization\",\"@id\":\"https:\/\/mystudyweb.com\/corporate\/#organization\",\"name\":\"mystudyweb\",\"url\":\"https:\/\/mystudyweb.com\/corporate\/\",\"logo\":{\"@type\":\"ImageObject\",\"inLanguage\":\"en-US\",\"@id\":\"https:\/\/mystudyweb.com\/corporate\/#\/schema\/logo\/image\/\",\"url\":\"https:\/\/mystudyweb.com\/corporate\/wp-content\/uploads\/2016\/12\/cropped-logo.jpg\",\"contentUrl\":\"https:\/\/mystudyweb.com\/corporate\/wp-content\/uploads\/2016\/12\/cropped-logo.jpg\",\"width\":466,\"height\":55,\"caption\":\"mystudyweb\"},\"image\":{\"@id\":\"https:\/\/mystudyweb.com\/corporate\/#\/schema\/logo\/image\/\"}},{\"@type\":\"Person\",\"@id\":\"https:\/\/mystudyweb.com\/corporate\/#\/schema\/person\/c02944c2478df2ae0c3f5c13b5a4221f\",\"name\":\"admin\",\"image\":{\"@type\":\"ImageObject\",\"inLanguage\":\"en-US\",\"@id\":\"https:\/\/mystudyweb.com\/corporate\/#\/schema\/person\/image\/\",\"url\":\"https:\/\/secure.gravatar.com\/avatar\/3da0bd2bdd1af279f3a22001e6015a5fcb49afb4a8ead77a4a77577c14dd1919?s=96&d=mm&r=g\",\"contentUrl\":\"https:\/\/secure.gravatar.com\/avatar\/3da0bd2bdd1af279f3a22001e6015a5fcb49afb4a8ead77a4a77577c14dd1919?s=96&d=mm&r=g\",\"caption\":\"admin\"},\"description\":\"Om\u00a0Jessica Crona: Jag \u00e4r legitimerad l\u00e4rare och har undervisat elever p\u00e5 alla niv\u00e5er inom grundskolan i 12 \u00e5r. H\u00f6sten 2012 grundade jag tillsammans med min man f\u00f6retaget MyStudyWeb. Jag brinner f\u00f6r skolutveckling och en skola d\u00e4r alla elever utmanas, utvecklas och n\u00e5r sin fulla potential!\",\"url\":\"https:\/\/mystudyweb.com\/corporate\/author\/admin\/\"}]}<\/script>\n<!-- \/ Yoast SEO Premium plugin. -->","yoast_head_json":{"title":"Barn och ungas r\u00f6ster om hur de m\u00e5r m\u00e5ste h\u00f6ras b\u00e4ttre i skolan","description":"F\u00f6r att minska den psykiska oh\u00e4lsan bland elever i skolan \u00e4r det viktigt att ungas r\u00f6ster f\u00e5r h\u00f6ras b\u00e4ttre vilket kan se ske genom systematisk kartl\u00e4ggning","robots":{"index":"index","follow":"follow","max-snippet":"max-snippet:-1","max-image-preview":"max-image-preview:large","max-video-preview":"max-video-preview:-1"},"canonical":"https:\/\/mystudyweb.com\/corporate\/barn-och-ungas-roster-maste-fa-horas\/","og_locale":"en_US","og_type":"article","og_title":"Barn och ungas r\u00f6ster m\u00e5ste f\u00e5 h\u00f6ras!","og_description":"F\u00f6r att minska den psykiska oh\u00e4lsan bland elever i skolan \u00e4r det viktigt att ungas r\u00f6ster f\u00e5r h\u00f6ras b\u00e4ttre vilket kan se ske genom systematisk kartl\u00e4ggning","og_url":"https:\/\/mystudyweb.com\/corporate\/barn-och-ungas-roster-maste-fa-horas\/","og_site_name":"mystudyweb","article_published_time":"2020-09-03T15:24:08+00:00","article_modified_time":"2022-02-15T14:20:20+00:00","author":"admin","twitter_card":"summary_large_image","twitter_misc":{"Written by":"admin","Est. reading time":"3 minutes"},"schema":{"@context":"https:\/\/schema.org","@graph":[{"@type":"Article","@id":"https:\/\/mystudyweb.com\/corporate\/barn-och-ungas-roster-maste-fa-horas\/#article","isPartOf":{"@id":"https:\/\/mystudyweb.com\/corporate\/barn-och-ungas-roster-maste-fa-horas\/"},"author":{"name":"admin","@id":"https:\/\/mystudyweb.com\/corporate\/#\/schema\/person\/c02944c2478df2ae0c3f5c13b5a4221f"},"headline":"Barn och ungas r\u00f6ster m\u00e5ste f\u00e5 h\u00f6ras!","datePublished":"2020-09-03T15:24:08+00:00","dateModified":"2022-02-15T14:20:20+00:00","mainEntityOfPage":{"@id":"https:\/\/mystudyweb.com\/corporate\/barn-och-ungas-roster-maste-fa-horas\/"},"wordCount":626,"commentCount":0,"publisher":{"@id":"https:\/\/mystudyweb.com\/corporate\/#organization"},"articleSection":["Blog"],"inLanguage":"en-US","potentialAction":[{"@type":"CommentAction","name":"Comment","target":["https:\/\/mystudyweb.com\/corporate\/barn-och-ungas-roster-maste-fa-horas\/#respond"]}]},{"@type":"WebPage","@id":"https:\/\/mystudyweb.com\/corporate\/barn-och-ungas-roster-maste-fa-horas\/","url":"https:\/\/mystudyweb.com\/corporate\/barn-och-ungas-roster-maste-fa-horas\/","name":"Barn och ungas r\u00f6ster om hur de m\u00e5r m\u00e5ste h\u00f6ras b\u00e4ttre i skolan","isPartOf":{"@id":"https:\/\/mystudyweb.com\/corporate\/#website"},"datePublished":"2020-09-03T15:24:08+00:00","dateModified":"2022-02-15T14:20:20+00:00","description":"F\u00f6r att minska den psykiska oh\u00e4lsan bland elever i skolan \u00e4r det viktigt att ungas r\u00f6ster f\u00e5r h\u00f6ras b\u00e4ttre vilket kan se ske genom systematisk kartl\u00e4ggning","breadcrumb":{"@id":"https:\/\/mystudyweb.com\/corporate\/barn-och-ungas-roster-maste-fa-horas\/#breadcrumb"},"inLanguage":"en-US","potentialAction":[{"@type":"ReadAction","target":["https:\/\/mystudyweb.com\/corporate\/barn-och-ungas-roster-maste-fa-horas\/"]}]},{"@type":"BreadcrumbList","@id":"https:\/\/mystudyweb.com\/corporate\/barn-och-ungas-roster-maste-fa-horas\/#breadcrumb","itemListElement":[{"@type":"ListItem","position":1,"name":"Home","item":"https:\/\/mystudyweb.com\/corporate\/"},{"@type":"ListItem","position":2,"name":"Barn och ungas r\u00f6ster m\u00e5ste f\u00e5 h\u00f6ras!"}]},{"@type":"WebSite","@id":"https:\/\/mystudyweb.com\/corporate\/#website","url":"https:\/\/mystudyweb.com\/corporate\/","name":"mystudyweb","description":"","publisher":{"@id":"https:\/\/mystudyweb.com\/corporate\/#organization"},"potentialAction":[{"@type":"SearchAction","target":{"@type":"EntryPoint","urlTemplate":"https:\/\/mystudyweb.com\/corporate\/?s={search_term_string}"},"query-input":{"@type":"PropertyValueSpecification","valueRequired":true,"valueName":"search_term_string"}}],"inLanguage":"en-US"},{"@type":"Organization","@id":"https:\/\/mystudyweb.com\/corporate\/#organization","name":"mystudyweb","url":"https:\/\/mystudyweb.com\/corporate\/","logo":{"@type":"ImageObject","inLanguage":"en-US","@id":"https:\/\/mystudyweb.com\/corporate\/#\/schema\/logo\/image\/","url":"https:\/\/mystudyweb.com\/corporate\/wp-content\/uploads\/2016\/12\/cropped-logo.jpg","contentUrl":"https:\/\/mystudyweb.com\/corporate\/wp-content\/uploads\/2016\/12\/cropped-logo.jpg","width":466,"height":55,"caption":"mystudyweb"},"image":{"@id":"https:\/\/mystudyweb.com\/corporate\/#\/schema\/logo\/image\/"}},{"@type":"Person","@id":"https:\/\/mystudyweb.com\/corporate\/#\/schema\/person\/c02944c2478df2ae0c3f5c13b5a4221f","name":"admin","image":{"@type":"ImageObject","inLanguage":"en-US","@id":"https:\/\/mystudyweb.com\/corporate\/#\/schema\/person\/image\/","url":"https:\/\/secure.gravatar.com\/avatar\/3da0bd2bdd1af279f3a22001e6015a5fcb49afb4a8ead77a4a77577c14dd1919?s=96&d=mm&r=g","contentUrl":"https:\/\/secure.gravatar.com\/avatar\/3da0bd2bdd1af279f3a22001e6015a5fcb49afb4a8ead77a4a77577c14dd1919?s=96&d=mm&r=g","caption":"admin"},"description":"Om\u00a0Jessica Crona: Jag \u00e4r legitimerad l\u00e4rare och har undervisat elever p\u00e5 alla niv\u00e5er inom grundskolan i 12 \u00e5r. H\u00f6sten 2012 grundade jag tillsammans med min man f\u00f6retaget MyStudyWeb. Jag brinner f\u00f6r skolutveckling och en skola d\u00e4r alla elever utmanas, utvecklas och n\u00e5r sin fulla potential!","url":"https:\/\/mystudyweb.com\/corporate\/author\/admin\/"}]}},"_links":{"self":[{"href":"https:\/\/mystudyweb.com\/corporate\/wp-json\/wp\/v2\/posts\/1880","targetHints":{"allow":["GET"]}}],"collection":[{"href":"https:\/\/mystudyweb.com\/corporate\/wp-json\/wp\/v2\/posts"}],"about":[{"href":"https:\/\/mystudyweb.com\/corporate\/wp-json\/wp\/v2\/types\/post"}],"author":[{"embeddable":true,"href":"https:\/\/mystudyweb.com\/corporate\/wp-json\/wp\/v2\/users\/1"}],"replies":[{"embeddable":true,"href":"https:\/\/mystudyweb.com\/corporate\/wp-json\/wp\/v2\/comments?post=1880"}],"version-history":[{"count":11,"href":"https:\/\/mystudyweb.com\/corporate\/wp-json\/wp\/v2\/posts\/1880\/revisions"}],"predecessor-version":[{"id":4124,"href":"https:\/\/mystudyweb.com\/corporate\/wp-json\/wp\/v2\/posts\/1880\/revisions\/4124"}],"wp:attachment":[{"href":"https:\/\/mystudyweb.com\/corporate\/wp-json\/wp\/v2\/media?parent=1880"}],"wp:term":[{"taxonomy":"category","embeddable":true,"href":"https:\/\/mystudyweb.com\/corporate\/wp-json\/wp\/v2\/categories?post=1880"},{"taxonomy":"post_tag","embeddable":true,"href":"https:\/\/mystudyweb.com\/corporate\/wp-json\/wp\/v2\/tags?post=1880"}],"curies":[{"name":"wp","href":"https:\/\/api.w.org\/{rel}","templated":true}]}}